{"id":2715,"date":"2021-06-17T09:56:55","date_gmt":"2021-06-17T09:56:55","guid":{"rendered":"https:\/\/sr-group.no\/?p=2715"},"modified":"2023-03-03T10:26:51","modified_gmt":"2023-03-03T10:26:51","slug":"e39-mellom-bergen-og-forde-stenges-21-juni","status":"publish","type":"post","link":"https:\/\/sr-group.no\/en\/e39-mellom-bergen-og-forde-stenges-21-juni\/","title":{"rendered":"The E39 between Bergen and F\u00f8rde will be closed on 21 June"},"content":{"rendered":"<p>P\u00e5 grunn av rasfare blir E39 mellom Bergen og F\u00f8rde stengt i en uke fra 21. juni.<\/p>\n<p>Omkj\u00f8ring for tyngre kj\u00f8ret\u00f8y g\u00e5r over ferjesambandet Leirv\u00e5g- Sl\u00f8v\u00e5g.<\/p>\n<p>Les mer om stengingen <a href=\"https:\/\/www.nrk.no\/vestland\/stenger-e39-i-ei-veke-grunna-akutt-rasfare_-_-berre-nodt-til-a-agera-1.15535282\">her<\/a><\/p>","protected":false},"excerpt":{"rendered":"<p>The E39 between Bergen and F\u00f8rde will be closed for a week from 21 June due to the risk of landslides. Heavy vehicles will be diverted via the Leirv\u00e5g-Sl\u00f8v\u00e5g ferry link. Read more about the closure here<\/p>","protected":false},"author":3,"featured_media":6554,"comment_status":"closed","ping_status":"closed","sticky":false,"template":"","format":"standard","meta":{"_acf_changed":false,"inline_featured_image":false,"footnotes":""},"categories":[8,17],"tags":[],"class_list":["post-2715","post","type-post","status-publish","format-standard","has-post-thumbnail","hentry","category-aktuelt","category-uncategorized-no"],"acf":[],"yoast_head":"<!-- This site is optimized with the Yoast SEO plugin v27.3 - https:\/\/yoast.com\/product\/yoast-seo-wordpress\/ -->\n<title>E39 mellom Bergen og F\u00f8rde stenges 21. Juni - SR Group<\/title>\n<meta name=\"robots\" content=\"index, follow, max-snippet:-1, max-image-preview:large, max-video-preview:-1\" \/>\n<link rel=\"canonical\" href=\"https:\/\/sr-group.no\/en\/e39-mellom-bergen-og-forde-stenges-21-juni\/\" \/>\n<meta property=\"og:locale\" content=\"en_GB\" \/>\n<meta property=\"og:type\" content=\"article\" \/>\n<meta property=\"og:title\" content=\"E39 mellom Bergen og F\u00f8rde stenges 21. Juni - SR Group\" \/>\n<meta property=\"og:description\" content=\"P\u00e5 grunn av rasfare blir E39 mellom Bergen og F\u00f8rde stengt i en uke fra 21. juni. Omkj\u00f8ring for tyngre kj\u00f8ret\u00f8y g\u00e5r over ferjesambandet Leirv\u00e5g- Sl\u00f8v\u00e5g. Les mer om stengingen her\" \/>\n<meta property=\"og:url\" content=\"https:\/\/sr-group.no\/en\/e39-mellom-bergen-og-forde-stenges-21-juni\/\" \/>\n<meta property=\"og:site_name\" content=\"SR Group\" \/>\n<meta property=\"article:publisher\" content=\"https:\/\/www.facebook.com\/srgroupas\/\" \/>\n<meta property=\"article:published_time\" content=\"2021-06-17T09:56:55+00:00\" \/>\n<meta property=\"article:modified_time\" content=\"2023-03-03T10:26:51+00:00\" \/>\n<meta property=\"og:image\" content=\"https:\/\/sr-group.no\/wp-content\/uploads\/2023\/03\/generellt-sr-group_FIR3995.jpg\" \/>\n\t<meta property=\"og:image:width\" content=\"900\" \/>\n\t<meta property=\"og:image:height\" content=\"506\" \/>\n\t<meta property=\"og:image:type\" content=\"image\/jpeg\" \/>\n<meta name=\"author\" content=\"Roy Kristensen\" \/>\n<meta name=\"twitter:card\" content=\"summary_large_image\" \/>\n<meta name=\"twitter:label1\" content=\"Written by\" \/>\n\t<meta name=\"twitter:data1\" content=\"Roy Kristensen\" \/>\n\t<meta name=\"twitter:label2\" content=\"Estimated reading time\" \/>\n\t<meta name=\"twitter:data2\" content=\"1 minute\" \/>\n<script type=\"application\/ld+json\" class=\"yoast-schema-graph\">{\"@context\":\"https:\\\/\\\/schema.org\",\"@graph\":[{\"@type\":\"Article\",\"@id\":\"https:\\\/\\\/sr-group.no\\\/e39-mellom-bergen-og-forde-stenges-21-juni\\\/#article\",\"isPartOf\":{\"@id\":\"https:\\\/\\\/sr-group.no\\\/e39-mellom-bergen-og-forde-stenges-21-juni\\\/\"},\"author\":{\"name\":\"Roy Kristensen\",\"@id\":\"https:\\\/\\\/sr-group.no\\\/#\\\/schema\\\/person\\\/4d3d519492b1602e8f69bdeae1997faa\"},\"headline\":\"E39 mellom Bergen og F\u00f8rde stenges 21. Juni\",\"datePublished\":\"2021-06-17T09:56:55+00:00\",\"dateModified\":\"2023-03-03T10:26:51+00:00\",\"mainEntityOfPage\":{\"@id\":\"https:\\\/\\\/sr-group.no\\\/e39-mellom-bergen-og-forde-stenges-21-juni\\\/\"},\"wordCount\":46,\"publisher\":{\"@id\":\"https:\\\/\\\/sr-group.no\\\/#organization\"},\"image\":{\"@id\":\"https:\\\/\\\/sr-group.no\\\/e39-mellom-bergen-og-forde-stenges-21-juni\\\/#primaryimage\"},\"thumbnailUrl\":\"https:\\\/\\\/sr-group.no\\\/wp-content\\\/uploads\\\/2023\\\/03\\\/generellt-sr-group_FIR3995.jpg\",\"articleSection\":[\"Aktuelt\",\"Uncategorized @no\"],\"inLanguage\":\"en-GB\"},{\"@type\":\"WebPage\",\"@id\":\"https:\\\/\\\/sr-group.no\\\/e39-mellom-bergen-og-forde-stenges-21-juni\\\/\",\"url\":\"https:\\\/\\\/sr-group.no\\\/e39-mellom-bergen-og-forde-stenges-21-juni\\\/\",\"name\":\"E39 mellom Bergen og F\u00f8rde stenges 21. Juni - SR Group\",\"isPartOf\":{\"@id\":\"https:\\\/\\\/sr-group.no\\\/#website\"},\"primaryImageOfPage\":{\"@id\":\"https:\\\/\\\/sr-group.no\\\/e39-mellom-bergen-og-forde-stenges-21-juni\\\/#primaryimage\"},\"image\":{\"@id\":\"https:\\\/\\\/sr-group.no\\\/e39-mellom-bergen-og-forde-stenges-21-juni\\\/#primaryimage\"},\"thumbnailUrl\":\"https:\\\/\\\/sr-group.no\\\/wp-content\\\/uploads\\\/2023\\\/03\\\/generellt-sr-group_FIR3995.jpg\",\"datePublished\":\"2021-06-17T09:56:55+00:00\",\"dateModified\":\"2023-03-03T10:26:51+00:00\",\"breadcrumb\":{\"@id\":\"https:\\\/\\\/sr-group.no\\\/e39-mellom-bergen-og-forde-stenges-21-juni\\\/#breadcrumb\"},\"inLanguage\":\"en-GB\",\"potentialAction\":[{\"@type\":\"ReadAction\",\"target\":[\"https:\\\/\\\/sr-group.no\\\/e39-mellom-bergen-og-forde-stenges-21-juni\\\/\"]}]},{\"@type\":\"ImageObject\",\"inLanguage\":\"en-GB\",\"@id\":\"https:\\\/\\\/sr-group.no\\\/e39-mellom-bergen-og-forde-stenges-21-juni\\\/#primaryimage\",\"url\":\"https:\\\/\\\/sr-group.no\\\/wp-content\\\/uploads\\\/2023\\\/03\\\/generellt-sr-group_FIR3995.jpg\",\"contentUrl\":\"https:\\\/\\\/sr-group.no\\\/wp-content\\\/uploads\\\/2023\\\/03\\\/generellt-sr-group_FIR3995.jpg\",\"width\":900,\"height\":506},{\"@type\":\"BreadcrumbList\",\"@id\":\"https:\\\/\\\/sr-group.no\\\/e39-mellom-bergen-og-forde-stenges-21-juni\\\/#breadcrumb\",\"itemListElement\":[{\"@type\":\"ListItem\",\"position\":1,\"name\":\"Hjem\",\"item\":\"https:\\\/\\\/sr-group.no\\\/\"},{\"@type\":\"ListItem\",\"position\":2,\"name\":\"E39 mellom Bergen og F\u00f8rde stenges 21. Juni\"}]},{\"@type\":\"WebSite\",\"@id\":\"https:\\\/\\\/sr-group.no\\\/#website\",\"url\":\"https:\\\/\\\/sr-group.no\\\/\",\"name\":\"SR Group\",\"description\":\"\",\"publisher\":{\"@id\":\"https:\\\/\\\/sr-group.no\\\/#organization\"},\"potentialAction\":[{\"@type\":\"SearchAction\",\"target\":{\"@type\":\"EntryPoint\",\"urlTemplate\":\"https:\\\/\\\/sr-group.no\\\/?s={search_term_string}\"},\"query-input\":{\"@type\":\"PropertyValueSpecification\",\"valueRequired\":true,\"valueName\":\"search_term_string\"}}],\"inLanguage\":\"en-GB\"},{\"@type\":\"Organization\",\"@id\":\"https:\\\/\\\/sr-group.no\\\/#organization\",\"name\":\"SR Group\",\"url\":\"https:\\\/\\\/sr-group.no\\\/\",\"logo\":{\"@type\":\"ImageObject\",\"inLanguage\":\"en-GB\",\"@id\":\"https:\\\/\\\/sr-group.no\\\/#\\\/schema\\\/logo\\\/image\\\/\",\"url\":\"https:\\\/\\\/sr-group.no\\\/wp-content\\\/uploads\\\/2023\\\/03\\\/sr-group-logo-whiteBG-300.svg\",\"contentUrl\":\"https:\\\/\\\/sr-group.no\\\/wp-content\\\/uploads\\\/2023\\\/03\\\/sr-group-logo-whiteBG-300.svg\",\"width\":299,\"height\":83,\"caption\":\"SR Group\"},\"image\":{\"@id\":\"https:\\\/\\\/sr-group.no\\\/#\\\/schema\\\/logo\\\/image\\\/\"},\"sameAs\":[\"https:\\\/\\\/www.facebook.com\\\/srgroupas\\\/\",\"https:\\\/\\\/www.instagram.com\\\/srgroupas\\\/\",\"https:\\\/\\\/www.linkedin.com\\\/company\\\/srgroupas\\\/\",\"https:\\\/\\\/www.youtube.com\\\/channel\\\/UCtGTRnOdUB-Wz7Hj5kCSKVQ\"]},{\"@type\":\"Person\",\"@id\":\"https:\\\/\\\/sr-group.no\\\/#\\\/schema\\\/person\\\/4d3d519492b1602e8f69bdeae1997faa\",\"name\":\"Roy Kristensen\",\"image\":{\"@type\":\"ImageObject\",\"inLanguage\":\"en-GB\",\"@id\":\"https:\\\/\\\/secure.gravatar.com\\\/avatar\\\/1479d7b7d76311d5cb5158132fde8fc5ac989fd950da32c4a198b3721c76d81a?s=96&d=mm&r=g\",\"url\":\"https:\\\/\\\/secure.gravatar.com\\\/avatar\\\/1479d7b7d76311d5cb5158132fde8fc5ac989fd950da32c4a198b3721c76d81a?s=96&d=mm&r=g\",\"contentUrl\":\"https:\\\/\\\/secure.gravatar.com\\\/avatar\\\/1479d7b7d76311d5cb5158132fde8fc5ac989fd950da32c4a198b3721c76d81a?s=96&d=mm&r=g\",\"caption\":\"Roy Kristensen\"},\"url\":\"https:\\\/\\\/sr-group.no\\\/en\\\/author\\\/roy\\\/\"}]}<\/script>\n<!-- \/ Yoast SEO plugin. -->","yoast_head_json":{"title":"E39 mellom Bergen og F\u00f8rde stenges 21. Juni - SR Group","robots":{"index":"index","follow":"follow","max-snippet":"max-snippet:-1","max-image-preview":"max-image-preview:large","max-video-preview":"max-video-preview:-1"},"canonical":"https:\/\/sr-group.no\/en\/e39-mellom-bergen-og-forde-stenges-21-juni\/","og_locale":"en_GB","og_type":"article","og_title":"E39 mellom Bergen og F\u00f8rde stenges 21. Juni - SR Group","og_description":"P\u00e5 grunn av rasfare blir E39 mellom Bergen og F\u00f8rde stengt i en uke fra 21. juni. Omkj\u00f8ring for tyngre kj\u00f8ret\u00f8y g\u00e5r over ferjesambandet Leirv\u00e5g- Sl\u00f8v\u00e5g. Les mer om stengingen her","og_url":"https:\/\/sr-group.no\/en\/e39-mellom-bergen-og-forde-stenges-21-juni\/","og_site_name":"SR Group","article_publisher":"https:\/\/www.facebook.com\/srgroupas\/","article_published_time":"2021-06-17T09:56:55+00:00","article_modified_time":"2023-03-03T10:26:51+00:00","og_image":[{"width":900,"height":506,"url":"https:\/\/sr-group.no\/wp-content\/uploads\/2023\/03\/generellt-sr-group_FIR3995.jpg","type":"image\/jpeg"}],"author":"Roy Kristensen","twitter_card":"summary_large_image","twitter_misc":{"Written by":"Roy Kristensen","Estimated reading time":"1 minute"},"schema":{"@context":"https:\/\/schema.org","@graph":[{"@type":"Article","@id":"https:\/\/sr-group.no\/e39-mellom-bergen-og-forde-stenges-21-juni\/#article","isPartOf":{"@id":"https:\/\/sr-group.no\/e39-mellom-bergen-og-forde-stenges-21-juni\/"},"author":{"name":"Roy Kristensen","@id":"https:\/\/sr-group.no\/#\/schema\/person\/4d3d519492b1602e8f69bdeae1997faa"},"headline":"E39 mellom Bergen og F\u00f8rde stenges 21. Juni","datePublished":"2021-06-17T09:56:55+00:00","dateModified":"2023-03-03T10:26:51+00:00","mainEntityOfPage":{"@id":"https:\/\/sr-group.no\/e39-mellom-bergen-og-forde-stenges-21-juni\/"},"wordCount":46,"publisher":{"@id":"https:\/\/sr-group.no\/#organization"},"image":{"@id":"https:\/\/sr-group.no\/e39-mellom-bergen-og-forde-stenges-21-juni\/#primaryimage"},"thumbnailUrl":"https:\/\/sr-group.no\/wp-content\/uploads\/2023\/03\/generellt-sr-group_FIR3995.jpg","articleSection":["Aktuelt","Uncategorized @no"],"inLanguage":"en-GB"},{"@type":"WebPage","@id":"https:\/\/sr-group.no\/e39-mellom-bergen-og-forde-stenges-21-juni\/","url":"https:\/\/sr-group.no\/e39-mellom-bergen-og-forde-stenges-21-juni\/","name":"E39 mellom Bergen og F\u00f8rde stenges 21. Juni - SR Group","isPartOf":{"@id":"https:\/\/sr-group.no\/#website"},"primaryImageOfPage":{"@id":"https:\/\/sr-group.no\/e39-mellom-bergen-og-forde-stenges-21-juni\/#primaryimage"},"image":{"@id":"https:\/\/sr-group.no\/e39-mellom-bergen-og-forde-stenges-21-juni\/#primaryimage"},"thumbnailUrl":"https:\/\/sr-group.no\/wp-content\/uploads\/2023\/03\/generellt-sr-group_FIR3995.jpg","datePublished":"2021-06-17T09:56:55+00:00","dateModified":"2023-03-03T10:26:51+00:00","breadcrumb":{"@id":"https:\/\/sr-group.no\/e39-mellom-bergen-og-forde-stenges-21-juni\/#breadcrumb"},"inLanguage":"en-GB","potentialAction":[{"@type":"ReadAction","target":["https:\/\/sr-group.no\/e39-mellom-bergen-og-forde-stenges-21-juni\/"]}]},{"@type":"ImageObject","inLanguage":"en-GB","@id":"https:\/\/sr-group.no\/e39-mellom-bergen-og-forde-stenges-21-juni\/#primaryimage","url":"https:\/\/sr-group.no\/wp-content\/uploads\/2023\/03\/generellt-sr-group_FIR3995.jpg","contentUrl":"https:\/\/sr-group.no\/wp-content\/uploads\/2023\/03\/generellt-sr-group_FIR3995.jpg","width":900,"height":506},{"@type":"BreadcrumbList","@id":"https:\/\/sr-group.no\/e39-mellom-bergen-og-forde-stenges-21-juni\/#breadcrumb","itemListElement":[{"@type":"ListItem","position":1,"name":"Hjem","item":"https:\/\/sr-group.no\/"},{"@type":"ListItem","position":2,"name":"E39 mellom Bergen og F\u00f8rde stenges 21. Juni"}]},{"@type":"WebSite","@id":"https:\/\/sr-group.no\/#website","url":"https:\/\/sr-group.no\/","name":"SR Group","description":"","publisher":{"@id":"https:\/\/sr-group.no\/#organization"},"potentialAction":[{"@type":"SearchAction","target":{"@type":"EntryPoint","urlTemplate":"https:\/\/sr-group.no\/?s={search_term_string}"},"query-input":{"@type":"PropertyValueSpecification","valueRequired":true,"valueName":"search_term_string"}}],"inLanguage":"en-GB"},{"@type":"Organization","@id":"https:\/\/sr-group.no\/#organization","name":"SR Group","url":"https:\/\/sr-group.no\/","logo":{"@type":"ImageObject","inLanguage":"en-GB","@id":"https:\/\/sr-group.no\/#\/schema\/logo\/image\/","url":"https:\/\/sr-group.no\/wp-content\/uploads\/2023\/03\/sr-group-logo-whiteBG-300.svg","contentUrl":"https:\/\/sr-group.no\/wp-content\/uploads\/2023\/03\/sr-group-logo-whiteBG-300.svg","width":299,"height":83,"caption":"SR Group"},"image":{"@id":"https:\/\/sr-group.no\/#\/schema\/logo\/image\/"},"sameAs":["https:\/\/www.facebook.com\/srgroupas\/","https:\/\/www.instagram.com\/srgroupas\/","https:\/\/www.linkedin.com\/company\/srgroupas\/","https:\/\/www.youtube.com\/channel\/UCtGTRnOdUB-Wz7Hj5kCSKVQ"]},{"@type":"Person","@id":"https:\/\/sr-group.no\/#\/schema\/person\/4d3d519492b1602e8f69bdeae1997faa","name":"Roy Kristensen","image":{"@type":"ImageObject","inLanguage":"en-GB","@id":"https:\/\/secure.gravatar.com\/avatar\/1479d7b7d76311d5cb5158132fde8fc5ac989fd950da32c4a198b3721c76d81a?s=96&d=mm&r=g","url":"https:\/\/secure.gravatar.com\/avatar\/1479d7b7d76311d5cb5158132fde8fc5ac989fd950da32c4a198b3721c76d81a?s=96&d=mm&r=g","contentUrl":"https:\/\/secure.gravatar.com\/avatar\/1479d7b7d76311d5cb5158132fde8fc5ac989fd950da32c4a198b3721c76d81a?s=96&d=mm&r=g","caption":"Roy Kristensen"},"url":"https:\/\/sr-group.no\/en\/author\/roy\/"}]}},"_links":{"self":[{"href":"https:\/\/sr-group.no\/en\/wp-json\/wp\/v2\/posts\/2715","targetHints":{"allow":["GET"]}}],"collection":[{"href":"https:\/\/sr-group.no\/en\/wp-json\/wp\/v2\/posts"}],"about":[{"href":"https:\/\/sr-group.no\/en\/wp-json\/wp\/v2\/types\/post"}],"author":[{"embeddable":true,"href":"https:\/\/sr-group.no\/en\/wp-json\/wp\/v2\/users\/3"}],"replies":[{"embeddable":true,"href":"https:\/\/sr-group.no\/en\/wp-json\/wp\/v2\/comments?post=2715"}],"version-history":[{"count":0,"href":"https:\/\/sr-group.no\/en\/wp-json\/wp\/v2\/posts\/2715\/revisions"}],"wp:featuredmedia":[{"embeddable":true,"href":"https:\/\/sr-group.no\/en\/wp-json\/wp\/v2\/media\/6554"}],"wp:attachment":[{"href":"https:\/\/sr-group.no\/en\/wp-json\/wp\/v2\/media?parent=2715"}],"wp:term":[{"taxonomy":"category","embeddable":true,"href":"https:\/\/sr-group.no\/en\/wp-json\/wp\/v2\/categories?post=2715"},{"taxonomy":"post_tag","embeddable":true,"href":"https:\/\/sr-group.no\/en\/wp-json\/wp\/v2\/tags?post=2715"}],"curies":[{"name":"wp","href":"https:\/\/api.w.org\/{rel}","templated":true}]}}