{"id":1867,"date":"2020-03-14T14:01:51","date_gmt":"2020-03-14T14:01:51","guid":{"rendered":"https:\/\/sr-group.no\/?p=1867"},"modified":"2023-03-03T10:30:30","modified_gmt":"2023-03-03T10:30:30","slug":"corona-driftsinformasjon","status":"publish","type":"post","link":"https:\/\/sr-group.no\/en\/corona-driftsinformasjon\/","title":{"rendered":"Oppdatering Covid-19: Driftssituasjonen"},"content":{"rendered":"<p style=\"font-weight: 400;\">Fortsatt er det begrensninger og til dels strenge tiltak og restriksjoner i mange land som f\u00f8lge av Covid-19, men det avtar gradvis. Vi er forn\u00f8yd med at bedriften har greid \u00e5 opprettholde stort sett normal drift gjennom hele perioden.<\/p>\n<p style=\"font-weight: 400;\">Fortsatt er det fokus p\u00e5 hygieneregler og det er karanteneregler som gjelder i flere omr\u00e5der.<\/p>\n<h2 style=\"font-weight: 400;\"><strong><u>V\u00e5re transportlinjer<\/u><\/strong><\/h2>\n<h4 style=\"font-weight: 400;\"><strong>Europa \u2013 bil<\/strong><\/h4>\n<p style=\"font-weight: 400;\">N\u00e5r det gjelder v\u00e5re transportlinjer i Europa s\u00e5 g\u00e5r dette n\u00e5 stort sett som normalt i samarbeid med v\u00e5re gode samarbeidspartnere.<\/p>\n<p style=\"font-weight: 400;\">Ferjene begynner sakte \u00e5 g\u00e5 normalt igjen, men ettersom passasjertrafikken fortsatt er begrenset, s\u00e5 er kostnadene h\u00f8ye og avgangene begrenset.<\/p>\n<p><strong>De h\u00f8ye valutakursene p\u00e5 EUR og DKK, medf\u00f8rer ogs\u00e5 \u00f8kte kostnader. Flere transport\u00f8rer som innf\u00f8rte Covid-19 tillegg opprettholder fortsatt disse. Dermed m\u00e5 vi fortsatt p\u00e5regne h\u00f8yere rater enn normalt.<\/strong><\/p>\n<p style=\"font-weight: 400;\">Vi bruker l\u00f8straller p\u00e5 alle forsendelser inn og ut p\u00e5 Holland, Tyskland Danmark og UK, og skipene g\u00e5r stort sett som normalt.<\/p>\n<p style=\"font-weight: 400;\">Sea Cargo kj\u00f8rer fortsatt normal ruteplan, men de har<strong>\u00a0innf\u00f8rt et valutatillegg p\u00e5 10% p\u00e5 sine priser!<\/strong><\/p>\n<p style=\"font-weight: 400;\">Shortsea selskapene seiler som normalt.<\/p>\n<p style=\"font-weight: 400;\"><em>For n\u00e6rmere informasjon ved konkrete behov ber vi deg ta kontakt med v\u00e5r bilavdeling: <a href=\"mailto:road@sr-group.no\">road@sr-group.no<\/a><\/em><\/p>\n<h4 style=\"font-weight: 400;\"><strong>Global sj\u00f8\/tog transport<\/strong><\/h4>\n<p style=\"font-weight: 400;\">Oversj\u00f8isk er kapasiteten fortsatt noe redusert som f\u00f8lge av fallende volumer og stengte havner\/grenser. Videre er ratene under press og kapasitetsmangel kan medf\u00f8re h\u00f8yere rater enn det som har v\u00e6rt vanlig den senere tid.<\/p>\n<p style=\"font-weight: 400;\">Togtrafikken mellom EUR-ASIA g\u00e5r stort sett som normalt og aktiviteten tar seg n\u00e5 opp p\u00e5 kinesisk side ettersom virkningene av pandemien er i ferd med \u00e5 roe seg der.<\/p>\n<p style=\"font-weight: 400;\">Shortsea g\u00e5r som normalt.<\/p>\n<p style=\"font-weight: 400;\"><em>For n\u00e6rmere informasjon ved konkrete behov ber vi deg ta kontakt med v\u00e5r sj\u00e6avdeling:\u00a0<a style=\"font-weight: 400;\" href=\"mailto:ocean@sr-group.no\">ocean@sr-group.no<\/a><\/em><\/p>\n<h4 style=\"font-weight: 400;\"><strong>Air freight<\/strong><\/h4>\n<p style=\"font-weight: 400;\">Vi ser at med stadige rute kanselleringer og permitteringer i flyselskapene s\u00e5 vil flyfrakten naturlig nok bli rammet, b\u00e5de nasjonalt og internasjonalt &#8211; sannsynligvis i lang tid fremover.<\/p>\n<p><a href=\"https:\/\/www.iatatravelcentre.com\/international-travel-document-news\/1580226297.htm\">Her<\/a> finner du IATA sin oppdatering p\u00e5 status for flytrafikk i de enkelte land!<\/p>\n<p>Mange av de ruteg\u00e5ende passasjerstrekningene er fortsatt innstilt. Dette reduserer fortsatt kapasiteten kraftig, noe som igjen gir h\u00f8yere rater. Kapasitetsproblemer vil fortsatt medf\u00f8re forsinket fremf\u00f8ring &#8211; det l\u00f8nner seg derfor \u00e5 v\u00e6re ute i god tid.\u00a0H\u00e5ndtering p\u00e5 flyplasser g\u00e5r ogs\u00e5 noe tregere enn normalt. Innenrikstrafikk flytrafikk g\u00e5r med sv\u00e6rt redusert kapasitet, noe som kan forlenge transporttiden og det setter ogs\u00e5 ratene under press.<\/p>\n<p>Jetpak har innf\u00f8rt (fra 1.4) en midlertidig tilleggsavgift p\u00e5 grunn av \u00f8kte kostnader og redusert kapasitet. Tilleggsavgiften gjelder for alle flyprodukter og vil v\u00e6re som f\u00f8lger:<\/p>\n<ul>\n<li>NOK 13,50 pr kilo (fraktberegningsvekt)<\/li>\n<li>Minimum NOK 155 per AWB (per sending)<\/li>\n<li>Maksimum NOK 849 per AWB (per sending<\/li>\n<\/ul>\n<p>DHL har ogs\u00e5 innf\u00f8rt ogs\u00e5 et &laquo;Emergency situation surcharge&raquo; (fra 1.4.2020) &#8211; tillegget er fast per sending &#8211; basert p\u00e5 fraktberegningsvekt:<\/p>\n<ul>\n<li>Opp til 2,5 kg &#8211; ingen tillegg<\/li>\n<li>2,51 &#8211; 30 kg &#8211; EUR 2,50<\/li>\n<li>30,1 &#8211; 70 kg &#8211; EUR 15<\/li>\n<li>70,1 &#8211; 300 kg &#8211; EUR 50<\/li>\n<li>&lt;300,1 kg &#8211; EUR 200<\/li>\n<\/ul>\n<p style=\"font-weight: 400;\">Begge disse tilleggene vil vi m\u00e5tte videref\u00f8re til v\u00e5re kunder.<\/p>\n<p style=\"font-weight: 400;\">De internasjonale fraktrutene g\u00e5r fortsatt tiln\u00e6rmet som normalt. Dog har mangelen p\u00e5 rutekapasitet f\u00f8rt til stort press p\u00e5 charterkapasitet &#8211; og denne er dyrere og mindre tilgjengelig enn vanlig.<\/p>\n<p style=\"font-weight: 400;\"><em>For n\u00e6rmere informasjon ved konkrete behov ber vi deg ta kontakt med v\u00e5r flyavdeling: <a href=\"mailto:oslo@sr-group.no\">oslo@sr-group.no<\/a><\/em><\/p>\n<h4 style=\"font-weight: 400;\"><em>\u00a0<\/em><strong>Domestic<\/strong><\/h4>\n<p style=\"font-weight: 400;\">Det meste av trafikken nasjonalt g\u00e5r som normalt. Vi opplever svingende volumer, men har forel\u00f8pig god kapasitet b\u00e5de lokalt og nasjonalt.<\/p>\n<p style=\"font-weight: 400;\">Vi opprettholder v\u00e5re inngripende tiltak internt med siktem\u00e5l \u00e5 redusere faren for smitte og vi f\u00f8lger selvsagt lojalt opp v\u00e5re kunders forordninger i forhold til tiltak for \u00e5 begrense smitte.<\/p>\n<p style=\"font-weight: 400;\">Vi er alltid klare til \u00e5 gjennomf\u00f8re ditt oppdrag med v\u00e5r egen kapasitet n\u00e5r det m\u00e5tte v\u00e6re.<\/p>\n<p style=\"font-weight: 400;\">For st\u00f8rre transporter og prosjekter hvor b\u00e5t kan v\u00e6re et alternativ s\u00e5 har v\u00e5rt selskap Gesi Shipping AS muligheten til \u00e5 bist\u00e5 \u2013\u00a0<em>contact\u00a0<a href=\"mailto:shipping@gesi.no\">shipping@gesi.no<\/a><\/em><\/p>\n<p style=\"font-weight: 400;\"><em>For n\u00e6rmere informasjon ved konkrete behov ber vi deg ta kontakt med v\u00e5r innenlandsavdeling: <a href=\"mailto:booking@sr-group.no\">booking@sr-group.no<\/a>\u00a0eller\u00a0<a href=\"mailto:foresporsel@sr-group.no\">foresporsel@sr-group.no<\/a><\/em><\/p>\n<h4 style=\"font-weight: 400;\"><strong>Tidskritiske forsendelser \u2013 spesiall\u00f8sninger<\/strong><\/h4>\n<p style=\"font-weight: 400;\">Dersom man har spesielt tidskritiske forsendelser eller spesielle behov kan vi bist\u00e5 med ulike charter eller kurer-l\u00f8sninger b\u00e5de p\u00e5 sj\u00f8, fly og bil. Ved tidskritiske forsendelser nasjonalt har vi materiell og personell tilgjengelig for \u00e5 gjennomf\u00f8re ekspresstransporter.<\/p>\n<p style=\"font-weight: 400;\"><em>For konkrete foresp\u00f8rsler kontakt <a href=\"mailto:global@sr-group.no\">global@sr-group.no<\/a><\/em><\/p>\n<h4 style=\"font-weight: 400;\"><strong>Toll<\/strong><\/h4>\n<p style=\"font-weight: 400;\">Tollvesenet melder at alle tollsteder er \u00e5pne.<\/p>\n<p style=\"font-weight: 400;\">Grensene mot Sverige, Finland og Russland er \u00e5pne for normal trafikk. Grensen mot Russland er bemannet som normalt p\u00e5 norsk side, men norske borgere f\u00e5r alts\u00e5 ikke reise inn i Russland. Det er p\u00e5 norsk side ikke innf\u00f8rt noen s\u00e6rskilte tiltak knyttet til passering over grense.<\/p>\n<p style=\"font-weight: 400;\">Det er ingen begrensninger i forhold til netthandel.<\/p>\n<p><strong>Regjeringen sier ogs\u00e5:<\/strong> Varef\u00f8rselen til Norge er viktig for \u00e5 kunne s\u00f8rge for at vi fremdeles har tilstrekkelig forsyning av n\u00f8dvendige varer, som matvarer, medisiner og andre produkter. All transport av varer, import og eksport, som ikke inneb\u00e6rer frakt av passasjerer, skal g\u00e5 som normalt p\u00e5 landevei, tog, skip og luftfart\u00f8y. Flyplasser, havner og grenseoverganger holdes \u00e5pne for slik trafikk. Alle tollsteder opprettholder (s\u00e5 langt mulig) sin kapasitet i vareekspedisjonen og mulighet for kontroll av vareflyten.<\/p>\n<p>Det er heller ingen s\u00e6rskilte tiltak som omhandler import av varer!<\/p>\n<p><a href=\"https:\/\/www.toll.no\/no\/om-tolletaten\/nyheter\/2020\/godstrafikken-gar-som-normalt\/\">Tolldirekt\u00f8ren presiserer i dag at godstrafikken g\u00e5r som normalt.<\/a><\/p>\n<p style=\"font-weight: 400;\"><a href=\"https:\/\/www.toll.no\/no\/om-tolletaten\/nyheter\/2020\/vanlige-sporsmal-om-koronavirus\/\" target=\"_blank\" rel=\"noopener noreferrer\">Tollvesenet sin oppdaterte informasjon finner du her<\/a><\/p>\n<h4>Valutakurser<\/h4>\n<p>Det er fortsatt stor uro i finansmarkedene, noe som har medf\u00f8rt en rekordsvak norsk krone i forhold til EUR, DKK, SEK og USD. Dette betyr at v\u00e5re kostnader i EUR, USD, SEK og DKK har \u00f8kt betydelig. Vi ser oss derfor n\u00f8dt til \u00e5 innf\u00f8re et valutatillegg p\u00e5 all v\u00e5r frakt gjeldende alle tilbud som er gitt av oss, som ikke er fakturert. Det betyr i praksis at alle oppdrag underveis, vil f\u00e5 et valutatillegg. Dette gjelder ikke oppdrag som er mottatt f\u00f8r 1. februar 2020. Dette vil ivareta forsendelser med lang transittid.<\/p>\n<p>Valutatillegget tilkommer selvsagt bare p\u00e5 den del av kostnaden som stammer fra utenlandsk valuta. Tillegget vil kunne variere alt etter valutakurser og hvilken valuta det gjelder.<br \/>\nAlternativt kan vi tilby kunder som kommer med nye oppdrag fakturering i utenlandsk valuta. Vi beklager p\u00e5 det sterkeste de utfordringer dette medf\u00f8rer for dere alle, men kan forsikre at vi vil gj\u00f8re v\u00e5rt ytterste for \u00e5 f\u00e5 frem varene til beste for v\u00e5re kunder.<\/p>\n<blockquote style=\"font-weight: 400;\">\n<p style=\"text-align: center;\"><strong>Vi kan forsikre at vi i SR Group fortsatt har fullt fokus p\u00e5 \u00e5 komme gjennom pandemien p\u00e5 en god m\u00e5te og bidra ogs\u00e5 til at v\u00e5re kunder f\u00e5r sine leveringsbehov i st\u00f8rst mulig grad oppfylt.<\/strong><br \/>\n<strong>V\u00e5rt dedikerte personale vil jobbe for \u00e5 finne gode l\u00f8sninger s\u00e5fremt dette er mulig og vi vil fortsette \u00e5 levere i tr\u00e5d med v\u00e5r visjon: \u00abBest p\u00e5 kvalitet og service\u00bb ogs\u00e5 gjennom denne krisen!<\/strong><\/p>\n<\/blockquote>\n<p style=\"font-weight: 400;\"><em>\u00a0<\/em><\/p>","protected":false},"excerpt":{"rendered":"<p>Fortsatt er det begrensninger og til dels strenge tiltak og restriksjoner i mange land som f\u00f8lge av Covid-19, men det avtar gradvis. Vi er forn\u00f8yd med at bedriften har greid \u00e5 opprettholde stort sett normal drift gjennom hele perioden. Fortsatt er det fokus p\u00e5 hygieneregler og det er karanteneregler som gjelder i flere omr\u00e5der. V\u00e5re [&hellip;]<\/p>\n","protected":false},"author":3,"featured_media":6562,"comment_status":"open","ping_status":"open","sticky":false,"template":"","format":"standard","meta":{"_acf_changed":false,"inline_featured_image":false,"footnotes":""},"categories":[8],"tags":[],"class_list":["post-1867","post","type-post","status-publish","format-standard","has-post-thumbnail","hentry","category-aktuelt"],"acf":[],"yoast_head":"<!-- This site is optimized with the Yoast SEO plugin v27.3 - https:\/\/yoast.com\/product\/yoast-seo-wordpress\/ -->\n<title>Oppdatering Covid-19: Driftssituasjonen - SR Group<\/title>\n<meta name=\"robots\" content=\"index, follow, max-snippet:-1, max-image-preview:large, max-video-preview:-1\" \/>\n<link rel=\"canonical\" href=\"https:\/\/sr-group.no\/en\/corona-driftsinformasjon\/\" \/>\n<meta property=\"og:locale\" content=\"en_GB\" \/>\n<meta property=\"og:type\" content=\"article\" \/>\n<meta property=\"og:title\" content=\"Oppdatering Covid-19: Driftssituasjonen - SR Group\" \/>\n<meta property=\"og:description\" content=\"Fortsatt er det begrensninger og til dels strenge tiltak og restriksjoner i mange land som f\u00f8lge av Covid-19, men det avtar gradvis. Vi er forn\u00f8yd med at bedriften har greid \u00e5 opprettholde stort sett normal drift gjennom hele perioden. Fortsatt er det fokus p\u00e5 hygieneregler og det er karanteneregler som gjelder i flere omr\u00e5der. V\u00e5re [&hellip;]\" \/>\n<meta property=\"og:url\" content=\"https:\/\/sr-group.no\/en\/corona-driftsinformasjon\/\" \/>\n<meta property=\"og:site_name\" content=\"SR Group\" \/>\n<meta property=\"article:publisher\" content=\"https:\/\/www.facebook.com\/srgroupas\/\" \/>\n<meta property=\"article:published_time\" content=\"2020-03-14T14:01:51+00:00\" \/>\n<meta property=\"article:modified_time\" content=\"2023-03-03T10:30:30+00:00\" \/>\n<meta property=\"og:image\" content=\"https:\/\/sr-group.no\/wp-content\/uploads\/2021\/04\/covid19-information-and-updates-serbia-banner.jpg\" \/>\n\t<meta property=\"og:image:width\" content=\"750\" \/>\n\t<meta property=\"og:image:height\" content=\"450\" \/>\n\t<meta property=\"og:image:type\" content=\"image\/jpeg\" \/>\n<meta name=\"author\" content=\"Roy Kristensen\" \/>\n<meta name=\"twitter:card\" content=\"summary_large_image\" \/>\n<meta name=\"twitter:label1\" content=\"Written by\" \/>\n\t<meta name=\"twitter:data1\" content=\"Roy Kristensen\" \/>\n\t<meta name=\"twitter:label2\" content=\"Estimated reading time\" \/>\n\t<meta name=\"twitter:data2\" content=\"6 minutes\" \/>\n<script type=\"application\/ld+json\" class=\"yoast-schema-graph\">{\"@context\":\"https:\\\/\\\/schema.org\",\"@graph\":[{\"@type\":\"Article\",\"@id\":\"https:\\\/\\\/sr-group.no\\\/corona-driftsinformasjon\\\/#article\",\"isPartOf\":{\"@id\":\"https:\\\/\\\/sr-group.no\\\/corona-driftsinformasjon\\\/\"},\"author\":{\"name\":\"Roy Kristensen\",\"@id\":\"https:\\\/\\\/sr-group.no\\\/#\\\/schema\\\/person\\\/4d3d519492b1602e8f69bdeae1997faa\"},\"headline\":\"Oppdatering Covid-19: Driftssituasjonen\",\"datePublished\":\"2020-03-14T14:01:51+00:00\",\"dateModified\":\"2023-03-03T10:30:30+00:00\",\"mainEntityOfPage\":{\"@id\":\"https:\\\/\\\/sr-group.no\\\/corona-driftsinformasjon\\\/\"},\"wordCount\":1179,\"commentCount\":0,\"publisher\":{\"@id\":\"https:\\\/\\\/sr-group.no\\\/#organization\"},\"image\":{\"@id\":\"https:\\\/\\\/sr-group.no\\\/corona-driftsinformasjon\\\/#primaryimage\"},\"thumbnailUrl\":\"https:\\\/\\\/sr-group.no\\\/wp-content\\\/uploads\\\/2021\\\/04\\\/covid19-information-and-updates-serbia-banner.jpg\",\"articleSection\":[\"Aktuelt\"],\"inLanguage\":\"en-GB\",\"potentialAction\":[{\"@type\":\"CommentAction\",\"name\":\"Comment\",\"target\":[\"https:\\\/\\\/sr-group.no\\\/corona-driftsinformasjon\\\/#respond\"]}]},{\"@type\":\"WebPage\",\"@id\":\"https:\\\/\\\/sr-group.no\\\/corona-driftsinformasjon\\\/\",\"url\":\"https:\\\/\\\/sr-group.no\\\/corona-driftsinformasjon\\\/\",\"name\":\"Oppdatering Covid-19: Driftssituasjonen - SR Group\",\"isPartOf\":{\"@id\":\"https:\\\/\\\/sr-group.no\\\/#website\"},\"primaryImageOfPage\":{\"@id\":\"https:\\\/\\\/sr-group.no\\\/corona-driftsinformasjon\\\/#primaryimage\"},\"image\":{\"@id\":\"https:\\\/\\\/sr-group.no\\\/corona-driftsinformasjon\\\/#primaryimage\"},\"thumbnailUrl\":\"https:\\\/\\\/sr-group.no\\\/wp-content\\\/uploads\\\/2021\\\/04\\\/covid19-information-and-updates-serbia-banner.jpg\",\"datePublished\":\"2020-03-14T14:01:51+00:00\",\"dateModified\":\"2023-03-03T10:30:30+00:00\",\"breadcrumb\":{\"@id\":\"https:\\\/\\\/sr-group.no\\\/corona-driftsinformasjon\\\/#breadcrumb\"},\"inLanguage\":\"en-GB\",\"potentialAction\":[{\"@type\":\"ReadAction\",\"target\":[\"https:\\\/\\\/sr-group.no\\\/corona-driftsinformasjon\\\/\"]}]},{\"@type\":\"ImageObject\",\"inLanguage\":\"en-GB\",\"@id\":\"https:\\\/\\\/sr-group.no\\\/corona-driftsinformasjon\\\/#primaryimage\",\"url\":\"https:\\\/\\\/sr-group.no\\\/wp-content\\\/uploads\\\/2021\\\/04\\\/covid19-information-and-updates-serbia-banner.jpg\",\"contentUrl\":\"https:\\\/\\\/sr-group.no\\\/wp-content\\\/uploads\\\/2021\\\/04\\\/covid19-information-and-updates-serbia-banner.jpg\",\"width\":750,\"height\":450},{\"@type\":\"BreadcrumbList\",\"@id\":\"https:\\\/\\\/sr-group.no\\\/corona-driftsinformasjon\\\/#breadcrumb\",\"itemListElement\":[{\"@type\":\"ListItem\",\"position\":1,\"name\":\"Hjem\",\"item\":\"https:\\\/\\\/sr-group.no\\\/\"},{\"@type\":\"ListItem\",\"position\":2,\"name\":\"Oppdatering Covid-19: Driftssituasjonen\"}]},{\"@type\":\"WebSite\",\"@id\":\"https:\\\/\\\/sr-group.no\\\/#website\",\"url\":\"https:\\\/\\\/sr-group.no\\\/\",\"name\":\"SR Group\",\"description\":\"\",\"publisher\":{\"@id\":\"https:\\\/\\\/sr-group.no\\\/#organization\"},\"potentialAction\":[{\"@type\":\"SearchAction\",\"target\":{\"@type\":\"EntryPoint\",\"urlTemplate\":\"https:\\\/\\\/sr-group.no\\\/?s={search_term_string}\"},\"query-input\":{\"@type\":\"PropertyValueSpecification\",\"valueRequired\":true,\"valueName\":\"search_term_string\"}}],\"inLanguage\":\"en-GB\"},{\"@type\":\"Organization\",\"@id\":\"https:\\\/\\\/sr-group.no\\\/#organization\",\"name\":\"SR Group\",\"url\":\"https:\\\/\\\/sr-group.no\\\/\",\"logo\":{\"@type\":\"ImageObject\",\"inLanguage\":\"en-GB\",\"@id\":\"https:\\\/\\\/sr-group.no\\\/#\\\/schema\\\/logo\\\/image\\\/\",\"url\":\"https:\\\/\\\/sr-group.no\\\/wp-content\\\/uploads\\\/2023\\\/03\\\/sr-group-logo-whiteBG-300.svg\",\"contentUrl\":\"https:\\\/\\\/sr-group.no\\\/wp-content\\\/uploads\\\/2023\\\/03\\\/sr-group-logo-whiteBG-300.svg\",\"width\":299,\"height\":83,\"caption\":\"SR Group\"},\"image\":{\"@id\":\"https:\\\/\\\/sr-group.no\\\/#\\\/schema\\\/logo\\\/image\\\/\"},\"sameAs\":[\"https:\\\/\\\/www.facebook.com\\\/srgroupas\\\/\",\"https:\\\/\\\/www.instagram.com\\\/srgroupas\\\/\",\"https:\\\/\\\/www.linkedin.com\\\/company\\\/srgroupas\\\/\",\"https:\\\/\\\/www.youtube.com\\\/channel\\\/UCtGTRnOdUB-Wz7Hj5kCSKVQ\"]},{\"@type\":\"Person\",\"@id\":\"https:\\\/\\\/sr-group.no\\\/#\\\/schema\\\/person\\\/4d3d519492b1602e8f69bdeae1997faa\",\"name\":\"Roy Kristensen\",\"image\":{\"@type\":\"ImageObject\",\"inLanguage\":\"en-GB\",\"@id\":\"https:\\\/\\\/secure.gravatar.com\\\/avatar\\\/1479d7b7d76311d5cb5158132fde8fc5ac989fd950da32c4a198b3721c76d81a?s=96&d=mm&r=g\",\"url\":\"https:\\\/\\\/secure.gravatar.com\\\/avatar\\\/1479d7b7d76311d5cb5158132fde8fc5ac989fd950da32c4a198b3721c76d81a?s=96&d=mm&r=g\",\"contentUrl\":\"https:\\\/\\\/secure.gravatar.com\\\/avatar\\\/1479d7b7d76311d5cb5158132fde8fc5ac989fd950da32c4a198b3721c76d81a?s=96&d=mm&r=g\",\"caption\":\"Roy Kristensen\"},\"url\":\"https:\\\/\\\/sr-group.no\\\/en\\\/author\\\/roy\\\/\"}]}<\/script>\n<!-- \/ Yoast SEO plugin. -->","yoast_head_json":{"title":"Oppdatering Covid-19: Driftssituasjonen - SR Group","robots":{"index":"index","follow":"follow","max-snippet":"max-snippet:-1","max-image-preview":"max-image-preview:large","max-video-preview":"max-video-preview:-1"},"canonical":"https:\/\/sr-group.no\/en\/corona-driftsinformasjon\/","og_locale":"en_GB","og_type":"article","og_title":"Oppdatering Covid-19: Driftssituasjonen - SR Group","og_description":"Fortsatt er det begrensninger og til dels strenge tiltak og restriksjoner i mange land som f\u00f8lge av Covid-19, men det avtar gradvis. Vi er forn\u00f8yd med at bedriften har greid \u00e5 opprettholde stort sett normal drift gjennom hele perioden. Fortsatt er det fokus p\u00e5 hygieneregler og det er karanteneregler som gjelder i flere omr\u00e5der. V\u00e5re [&hellip;]","og_url":"https:\/\/sr-group.no\/en\/corona-driftsinformasjon\/","og_site_name":"SR Group","article_publisher":"https:\/\/www.facebook.com\/srgroupas\/","article_published_time":"2020-03-14T14:01:51+00:00","article_modified_time":"2023-03-03T10:30:30+00:00","og_image":[{"width":750,"height":450,"url":"https:\/\/sr-group.no\/wp-content\/uploads\/2021\/04\/covid19-information-and-updates-serbia-banner.jpg","type":"image\/jpeg"}],"author":"Roy Kristensen","twitter_card":"summary_large_image","twitter_misc":{"Written by":"Roy Kristensen","Estimated reading time":"6 minutes"},"schema":{"@context":"https:\/\/schema.org","@graph":[{"@type":"Article","@id":"https:\/\/sr-group.no\/corona-driftsinformasjon\/#article","isPartOf":{"@id":"https:\/\/sr-group.no\/corona-driftsinformasjon\/"},"author":{"name":"Roy Kristensen","@id":"https:\/\/sr-group.no\/#\/schema\/person\/4d3d519492b1602e8f69bdeae1997faa"},"headline":"Oppdatering Covid-19: Driftssituasjonen","datePublished":"2020-03-14T14:01:51+00:00","dateModified":"2023-03-03T10:30:30+00:00","mainEntityOfPage":{"@id":"https:\/\/sr-group.no\/corona-driftsinformasjon\/"},"wordCount":1179,"commentCount":0,"publisher":{"@id":"https:\/\/sr-group.no\/#organization"},"image":{"@id":"https:\/\/sr-group.no\/corona-driftsinformasjon\/#primaryimage"},"thumbnailUrl":"https:\/\/sr-group.no\/wp-content\/uploads\/2021\/04\/covid19-information-and-updates-serbia-banner.jpg","articleSection":["Aktuelt"],"inLanguage":"en-GB","potentialAction":[{"@type":"CommentAction","name":"Comment","target":["https:\/\/sr-group.no\/corona-driftsinformasjon\/#respond"]}]},{"@type":"WebPage","@id":"https:\/\/sr-group.no\/corona-driftsinformasjon\/","url":"https:\/\/sr-group.no\/corona-driftsinformasjon\/","name":"Oppdatering Covid-19: Driftssituasjonen - SR Group","isPartOf":{"@id":"https:\/\/sr-group.no\/#website"},"primaryImageOfPage":{"@id":"https:\/\/sr-group.no\/corona-driftsinformasjon\/#primaryimage"},"image":{"@id":"https:\/\/sr-group.no\/corona-driftsinformasjon\/#primaryimage"},"thumbnailUrl":"https:\/\/sr-group.no\/wp-content\/uploads\/2021\/04\/covid19-information-and-updates-serbia-banner.jpg","datePublished":"2020-03-14T14:01:51+00:00","dateModified":"2023-03-03T10:30:30+00:00","breadcrumb":{"@id":"https:\/\/sr-group.no\/corona-driftsinformasjon\/#breadcrumb"},"inLanguage":"en-GB","potentialAction":[{"@type":"ReadAction","target":["https:\/\/sr-group.no\/corona-driftsinformasjon\/"]}]},{"@type":"ImageObject","inLanguage":"en-GB","@id":"https:\/\/sr-group.no\/corona-driftsinformasjon\/#primaryimage","url":"https:\/\/sr-group.no\/wp-content\/uploads\/2021\/04\/covid19-information-and-updates-serbia-banner.jpg","contentUrl":"https:\/\/sr-group.no\/wp-content\/uploads\/2021\/04\/covid19-information-and-updates-serbia-banner.jpg","width":750,"height":450},{"@type":"BreadcrumbList","@id":"https:\/\/sr-group.no\/corona-driftsinformasjon\/#breadcrumb","itemListElement":[{"@type":"ListItem","position":1,"name":"Hjem","item":"https:\/\/sr-group.no\/"},{"@type":"ListItem","position":2,"name":"Oppdatering Covid-19: Driftssituasjonen"}]},{"@type":"WebSite","@id":"https:\/\/sr-group.no\/#website","url":"https:\/\/sr-group.no\/","name":"SR Group","description":"","publisher":{"@id":"https:\/\/sr-group.no\/#organization"},"potentialAction":[{"@type":"SearchAction","target":{"@type":"EntryPoint","urlTemplate":"https:\/\/sr-group.no\/?s={search_term_string}"},"query-input":{"@type":"PropertyValueSpecification","valueRequired":true,"valueName":"search_term_string"}}],"inLanguage":"en-GB"},{"@type":"Organization","@id":"https:\/\/sr-group.no\/#organization","name":"SR Group","url":"https:\/\/sr-group.no\/","logo":{"@type":"ImageObject","inLanguage":"en-GB","@id":"https:\/\/sr-group.no\/#\/schema\/logo\/image\/","url":"https:\/\/sr-group.no\/wp-content\/uploads\/2023\/03\/sr-group-logo-whiteBG-300.svg","contentUrl":"https:\/\/sr-group.no\/wp-content\/uploads\/2023\/03\/sr-group-logo-whiteBG-300.svg","width":299,"height":83,"caption":"SR Group"},"image":{"@id":"https:\/\/sr-group.no\/#\/schema\/logo\/image\/"},"sameAs":["https:\/\/www.facebook.com\/srgroupas\/","https:\/\/www.instagram.com\/srgroupas\/","https:\/\/www.linkedin.com\/company\/srgroupas\/","https:\/\/www.youtube.com\/channel\/UCtGTRnOdUB-Wz7Hj5kCSKVQ"]},{"@type":"Person","@id":"https:\/\/sr-group.no\/#\/schema\/person\/4d3d519492b1602e8f69bdeae1997faa","name":"Roy Kristensen","image":{"@type":"ImageObject","inLanguage":"en-GB","@id":"https:\/\/secure.gravatar.com\/avatar\/1479d7b7d76311d5cb5158132fde8fc5ac989fd950da32c4a198b3721c76d81a?s=96&d=mm&r=g","url":"https:\/\/secure.gravatar.com\/avatar\/1479d7b7d76311d5cb5158132fde8fc5ac989fd950da32c4a198b3721c76d81a?s=96&d=mm&r=g","contentUrl":"https:\/\/secure.gravatar.com\/avatar\/1479d7b7d76311d5cb5158132fde8fc5ac989fd950da32c4a198b3721c76d81a?s=96&d=mm&r=g","caption":"Roy Kristensen"},"url":"https:\/\/sr-group.no\/en\/author\/roy\/"}]}},"_links":{"self":[{"href":"https:\/\/sr-group.no\/en\/wp-json\/wp\/v2\/posts\/1867","targetHints":{"allow":["GET"]}}],"collection":[{"href":"https:\/\/sr-group.no\/en\/wp-json\/wp\/v2\/posts"}],"about":[{"href":"https:\/\/sr-group.no\/en\/wp-json\/wp\/v2\/types\/post"}],"author":[{"embeddable":true,"href":"https:\/\/sr-group.no\/en\/wp-json\/wp\/v2\/users\/3"}],"replies":[{"embeddable":true,"href":"https:\/\/sr-group.no\/en\/wp-json\/wp\/v2\/comments?post=1867"}],"version-history":[{"count":0,"href":"https:\/\/sr-group.no\/en\/wp-json\/wp\/v2\/posts\/1867\/revisions"}],"wp:featuredmedia":[{"embeddable":true,"href":"https:\/\/sr-group.no\/en\/wp-json\/wp\/v2\/media\/6562"}],"wp:attachment":[{"href":"https:\/\/sr-group.no\/en\/wp-json\/wp\/v2\/media?parent=1867"}],"wp:term":[{"taxonomy":"category","embeddable":true,"href":"https:\/\/sr-group.no\/en\/wp-json\/wp\/v2\/categories?post=1867"},{"taxonomy":"post_tag","embeddable":true,"href":"https:\/\/sr-group.no\/en\/wp-json\/wp\/v2\/tags?post=1867"}],"curies":[{"name":"wp","href":"https:\/\/api.w.org\/{rel}","templated":true}]}}